{"id":1047,"global_id":"victor-sasportas.com?id=1047","global_id_lineage":["victor-sasportas.com?id=1047"],"author":"1","status":"publish","date":"2023-08-28 21:33:30","date_utc":"2023-08-28 20:33:30","modified":"2023-08-28 21:33:30","modified_utc":"2023-08-28 20:33:30","url":"http:\/\/victor-sasportas.com\/index.php\/event\/76-salon-association-nationale-des-artistes-francais-2023\/","rest_url":"http:\/\/victor-sasportas.com\/index.php\/wp-json\/tribe\/events\/v1\/events\/1047","title":"76 Salon, Association Nationale des Artistes Fran\u00e7ais, 2023","description":"<p><img loading=\"lazy\" decoding=\"async\" class=\"alignleft size-full wp-image-1048\" src=\"http:\/\/victor-sasportas.com\/wp-content\/uploads\/2023\/08\/IMG_4717.jpg\" alt=\"\" width=\"1169\" height=\"1509\" srcset=\"http:\/\/victor-sasportas.com\/wp-content\/uploads\/2023\/08\/IMG_4717.jpg 1169w, http:\/\/victor-sasportas.com\/wp-content\/uploads\/2023\/08\/IMG_4717-232x300.jpg 232w, http:\/\/victor-sasportas.com\/wp-content\/uploads\/2023\/08\/IMG_4717-793x1024.jpg 793w, http:\/\/victor-sasportas.com\/wp-content\/uploads\/2023\/08\/IMG_4717-768x991.jpg 768w\" sizes=\"auto, (max-width: 1169px) 100vw, 1169px\" \/><\/p>","excerpt":"","slug":"76-salon-association-nationale-des-artistes-francais-2023","image":false,"all_day":false,"start_date":"2023-09-21 14:00:00","start_date_details":{"year":"2023","month":"09","day":"21","hour":"14","minutes":"00","seconds":"00"},"end_date":"2023-10-01 17:00:00","end_date_details":{"year":"2023","month":"10","day":"01","hour":"17","minutes":"00","seconds":"00"},"utc_start_date":"2023-09-21 12:00:00","utc_start_date_details":{"year":"2023","month":"09","day":"21","hour":"12","minutes":"00","seconds":"00"},"utc_end_date":"2023-10-01 15:00:00","utc_end_date_details":{"year":"2023","month":"10","day":"01","hour":"15","minutes":"00","seconds":"00"},"timezone":"UTC+1","timezone_abbr":"UTC+1","cost":"","cost_details":{"currency_symbol":"","currency_code":"","currency_position":"prefix","values":[]},"website":"","show_map":true,"show_map_link":true,"hide_from_listings":false,"sticky":false,"featured":false,"categories":[],"tags":[],"venue":{"id":371,"author":"1","status":"publish","date":"2016-10-21 19:30:44","date_utc":"2016-10-21 18:30:44","modified":"2016-10-21 19:30:44","modified_utc":"2016-10-21 18:30:44","url":"http:\/\/victor-sasportas.com\/index.php\/venue\/mairie-de-saint-mande\/","venue":"Mairie de Saint-Mand\u00e9","description":"<p><img loading=\"lazy\" decoding=\"async\" class=\"size-full wp-image-372 alignnone\" src=\"http:\/\/victor-sasportas.com\/wp-content\/uploads\/2016\/10\/images.jpg\" alt=\"images\" width=\"258\" height=\"195\" \/><\/p>\n<p>Saint-Mand\u00e9 est une commune fran\u00e7aise situ\u00e9e dans le d\u00e9partement du Val-de-Marne en r\u00e9gion \u00cele-de-France.<br \/>\nSaint-Mand\u00e9 est une commune r\u00e9sidentielle de la banlieue est, limitrophe \u00e0 Paris au-del\u00e0 de la porte de Saint-Mand\u00e9 et de la porte de Vincennes.<\/p>","slug":"mairie-de-saint-mande","address":"10 Place Charles Digeon","city":"Saint-Mand\u00e9","country":"France","zip":"94160 ","phone":"01 49 57 78 00","website":"http:\/\/www.mairie-saint-mande.fr\/","json_ld":{"@type":"Place","name":"Mairie de Saint-Mand\u00e9","description":"&lt;p&gt;Saint-Mand\u00e9 est une commune fran\u00e7aise situ\u00e9e dans le d\u00e9partement du Val-de-Marne en r\u00e9gion \u00cele-de-France. Saint-Mand\u00e9 est une commune r\u00e9sidentielle de la banlieue est, limitrophe \u00e0 Paris au-del\u00e0 de la porte de Saint-Mand\u00e9 et de la porte de Vincennes.&lt;\/p&gt;\\n","url":"","address":{"@type":"PostalAddress","streetAddress":"10 Place Charles Digeon","addressLocality":"Saint-Mand\u00e9","postalCode":"94160 ","addressCountry":"France"},"telephone":"01 49 57 78 00","sameAs":"http:\/\/www.mairie-saint-mande.fr\/"},"show_map":true,"show_map_link":true,"global_id":"victor-sasportas.com?id=371","global_id_lineage":["victor-sasportas.com?id=371"]},"organizer":[],"custom_fields":[],"json_ld":{"@context":"http:\/\/schema.org","@type":"Event","name":"76 Salon, Association Nationale des Artistes Fran\u00e7ais, 2023","description":"","url":"http:\/\/victor-sasportas.com\/index.php\/event\/76-salon-association-nationale-des-artistes-francais-2023\/","eventAttendanceMode":"https:\/\/schema.org\/OfflineEventAttendanceMode","eventStatus":"https:\/\/schema.org\/EventScheduled","startDate":"2023-09-21T14:00:00+01:00","endDate":"2023-10-01T17:00:00+01:00","location":{"@type":"Place","name":"Mairie de Saint-Mand\u00e9","description":"&lt;p&gt;Saint-Mand\u00e9 est une commune fran\u00e7aise situ\u00e9e dans le d\u00e9partement du Val-de-Marne en r\u00e9gion \u00cele-de-France. Saint-Mand\u00e9 est une commune r\u00e9sidentielle de la banlieue est, limitrophe \u00e0 Paris au-del\u00e0 de la porte de Saint-Mand\u00e9 et de la porte de Vincennes.&lt;\/p&gt;\\n","url":"","address":{"@type":"PostalAddress","streetAddress":"10 Place Charles Digeon","addressLocality":"Saint-Mand\u00e9","postalCode":"94160 ","addressCountry":"France"},"telephone":"01 49 57 78 00","sameAs":"http:\/\/www.mairie-saint-mande.fr\/"},"performer":"Organization"}}