{"id":434,"global_id":"victor-sasportas.com?id=434","global_id_lineage":["victor-sasportas.com?id=434"],"author":"1","status":"publish","date":"2017-03-09 21:25:07","date_utc":"2017-03-09 20:25:07","modified":"2017-03-09 21:25:07","modified_utc":"2017-03-09 20:25:07","url":"http:\/\/victor-sasportas.com\/index.php\/event\/salon-international-des-arts-2017-paris\/","rest_url":"http:\/\/victor-sasportas.com\/index.php\/wp-json\/tribe\/events\/v1\/events\/434","title":"Salon International des Arts 2017, Paris","description":"<p>Le salon 2017 se tiendra, comme pr\u00e9c\u00e9demment, \u00e0 la galerie de Nesle, 8 rue de Nesle, Paris (6\u00e8me).<br \/>\nIl est vrai que le lieu est magique et situ\u00e9 dans un environnement excellent au c\u0153ur du Paris artistique.<br \/>\nL\u2019originalit\u00e9 de l\u2019Acad\u00e9mie Europ\u00e9enne des Arts France (AEAF) est de permettre l\u2019expression de l\u2019art sous toutes ses formes et non seulement sous celle de la repr\u00e9sentation plastique.<\/p>\n<p>Il aura lieu du 24\u00a0au 26\u00a0Mars 2017.<\/p>\n<p>C\u2019est un moment de partage, d\u2019\u00e9change artistique et de convivialit\u00e9 que le salon apportera \u00e0 un public averti que nous esp\u00e9rons nombreux et que nous accueillerons chaleureusement.<\/p>\n<p>Cette ann\u00e9e, deux invit\u00e9s d\u2019honneur : Christina Marques et Bernardino \u00a0Toppi<\/p>\n<p><img loading=\"lazy\" decoding=\"async\" class=\"alignleft size-full wp-image-435\" src=\"http:\/\/victor-sasportas.com\/wp-content\/uploads\/2017\/03\/Affiche.jpg\" alt=\"\" width=\"670\" height=\"947\" srcset=\"http:\/\/victor-sasportas.com\/wp-content\/uploads\/2017\/03\/Affiche.jpg 670w, http:\/\/victor-sasportas.com\/wp-content\/uploads\/2017\/03\/Affiche-212x300.jpg 212w\" sizes=\"auto, (max-width: 670px) 100vw, 670px\" \/><\/p>","excerpt":"","slug":"salon-international-des-arts-2017-paris","image":false,"all_day":false,"start_date":"2017-03-24 14:00:00","start_date_details":{"year":"2017","month":"03","day":"24","hour":"14","minutes":"00","seconds":"00"},"end_date":"2017-03-26 19:00:00","end_date_details":{"year":"2017","month":"03","day":"26","hour":"19","minutes":"00","seconds":"00"},"utc_start_date":"2017-03-24 13:00:00","utc_start_date_details":{"year":"2017","month":"03","day":"24","hour":"13","minutes":"00","seconds":"00"},"utc_end_date":"2017-03-26 17:00:00","utc_end_date_details":{"year":"2017","month":"03","day":"26","hour":"17","minutes":"00","seconds":"00"},"timezone":"UTC+1","timezone_abbr":"","cost":"","cost_details":{"currency_symbol":"","currency_code":"","currency_position":"prefix","values":[]},"website":"","show_map":true,"show_map_link":true,"hide_from_listings":false,"sticky":false,"featured":false,"categories":[],"tags":[],"venue":{"id":432,"author":"1","status":"publish","date":"2017-03-09 21:19:33","date_utc":"2017-03-09 20:19:33","modified":"2017-03-09 21:19:33","modified_utc":"2017-03-09 20:19:33","url":"http:\/\/victor-sasportas.com\/index.php\/venue\/galerie-de-nesle-paris\/","venue":"Galerie de Nesle, Paris","description":"<p>L\u2019ESPACE DE NESLE<br \/>\nEn plein c\u0153ur de Paris \u00e0 Saint-Germain des Pr\u00e8s, son espace sur 3 niveaux de 600 m2 est propos\u00e9 en location pour des Ev\u00e9nements Professionnels (expositions, s\u00e9minaires, lancement de produits, d\u00e9fil\u00e9s de mode, diners d\u2019affaire, tournages, soir\u00e9es \u00e0 th\u00e8me, concerts\u2026) ou de Particuliers (mariages, soir\u00e9es priv\u00e9es, bar-mitsva, soir\u00e9es dansantes\u2026) ainsi que les 2 salles de Th\u00e9\u00e2tre attenantes.<\/p>\n<p><img loading=\"lazy\" decoding=\"async\" class=\"alignleft size-full wp-image-433\" src=\"http:\/\/victor-sasportas.com\/wp-content\/uploads\/2017\/03\/galerie-de-nesle-02.jpg\" alt=\"\" width=\"750\" height=\"514\" srcset=\"http:\/\/victor-sasportas.com\/wp-content\/uploads\/2017\/03\/galerie-de-nesle-02.jpg 750w, http:\/\/victor-sasportas.com\/wp-content\/uploads\/2017\/03\/galerie-de-nesle-02-300x206.jpg 300w\" sizes=\"auto, (max-width: 750px) 100vw, 750px\" \/><\/p>","slug":"galerie-de-nesle-paris","address":"8 Rue de Nesle","city":"PARIS","country":"France","zip":"75006","phone":"01 43 25 25 41","website":"http:\/\/www.galeriedenesle.com\/","json_ld":{"@type":"Place","name":"Galerie de Nesle, Paris","description":"&lt;p&gt;L\u2019ESPACE DE NESLE En plein c\u0153ur de Paris \u00e0 Saint-Germain des Pr\u00e8s, son espace sur 3 niveaux de 600 m2 est propos\u00e9 en location pour des Ev\u00e9nements Professionnels (expositions, s\u00e9minaires, lancement de produits, d\u00e9fil\u00e9s de mode, diners d\u2019affaire, tournages, soir\u00e9es \u00e0 th\u00e8me, concerts\u2026) ou de Particuliers (mariages, soir\u00e9es priv\u00e9es, bar-mitsva, soir\u00e9es dansantes\u2026) ainsi que les&hellip;&lt;\/p&gt;\\n","url":"","address":{"@type":"PostalAddress","streetAddress":"8 Rue de Nesle","addressLocality":"PARIS","postalCode":"75006","addressCountry":"France"},"telephone":"01 43 25 25 41","sameAs":"http:\/\/www.galeriedenesle.com\/"},"show_map":true,"show_map_link":true,"global_id":"victor-sasportas.com?id=432","global_id_lineage":["victor-sasportas.com?id=432"]},"organizer":[],"custom_fields":[],"json_ld":{"@context":"http:\/\/schema.org","@type":"Event","name":"Salon International des Arts 2017, Paris","description":"&lt;p&gt;Le salon 2017 se tiendra, comme pr\u00e9c\u00e9demment, \u00e0 la galerie de Nesle, 8 rue de Nesle, Paris (6\u00e8me). Il est vrai que le lieu est magique et situ\u00e9 dans un environnement excellent au c\u0153ur du Paris artistique. L\u2019originalit\u00e9 de l\u2019Acad\u00e9mie Europ\u00e9enne des Arts France (AEAF) est de permettre l\u2019expression de l\u2019art sous toutes ses formes&hellip;&lt;\/p&gt;\\n","url":"http:\/\/victor-sasportas.com\/index.php\/event\/salon-international-des-arts-2017-paris\/","eventAttendanceMode":"https:\/\/schema.org\/OfflineEventAttendanceMode","eventStatus":"https:\/\/schema.org\/EventScheduled","startDate":"2017-03-24T14:00:00+01:00","endDate":"2017-03-26T19:00:00+01:00","location":{"@type":"Place","name":"Galerie de Nesle, Paris","description":"&lt;p&gt;L\u2019ESPACE DE NESLE En plein c\u0153ur de Paris \u00e0 Saint-Germain des Pr\u00e8s, son espace sur 3 niveaux de 600 m2 est propos\u00e9 en location pour des Ev\u00e9nements Professionnels (expositions, s\u00e9minaires, lancement de produits, d\u00e9fil\u00e9s de mode, diners d\u2019affaire, tournages, soir\u00e9es \u00e0 th\u00e8me, concerts\u2026) ou de Particuliers (mariages, soir\u00e9es priv\u00e9es, bar-mitsva, soir\u00e9es dansantes\u2026) ainsi que les&hellip;&lt;\/p&gt;\\n","url":"","address":{"@type":"PostalAddress","streetAddress":"8 Rue de Nesle","addressLocality":"PARIS","postalCode":"75006","addressCountry":"France"},"telephone":"01 43 25 25 41","sameAs":"http:\/\/www.galeriedenesle.com\/"},"performer":"Organization"}}