{"id":707,"global_id":"victor-sasportas.com?id=707","global_id_lineage":["victor-sasportas.com?id=707"],"author":"1","status":"publish","date":"2019-09-14 22:37:55","date_utc":"2019-09-14 21:37:55","modified":"2019-09-14 22:38:22","modified_utc":"2019-09-14 21:38:22","url":"http:\/\/victor-sasportas.com\/index.php\/event\/salon-dautomne-paris-2019\/","rest_url":"http:\/\/victor-sasportas.com\/index.php\/wp-json\/tribe\/events\/v1\/events\/707","title":"Salon d&#8217;Automne, Paris 2019","description":"<p>Le Salon d\u2019Automne est une association d\u2019artistes, sans but lucratif, n\u00e9e en 1903, reconnue d\u2019utilit\u00e9 publique depuis 1920, dont le but est l\u2019encouragement et le d\u00e9veloppement des beaux-arts dans toutes ses manifestations et particuli\u00e8rement par des expositions tant en France qu\u2019\u00e0 l\u2019\u00e9tranger.<\/p>\n<p>Il organise \u00e0 Paris une grande r\u00e9union annuelle de prestige qui met en avant plusieurs centaines d\u2019\u0153uvres d\u2019art dans toutes les disciplines.<\/p>\n<p><strong>Vernissage le Mercredi 9 Octobre de 18h \u00e0 22h<\/strong><\/p>\n<p><img loading=\"lazy\" decoding=\"async\" class=\"size-large wp-image-708 alignnone\" src=\"http:\/\/victor-sasportas.com\/wp-content\/uploads\/2019\/09\/IMG_5802-710x1024.jpg\" alt=\"\" width=\"710\" height=\"1024\" srcset=\"http:\/\/victor-sasportas.com\/wp-content\/uploads\/2019\/09\/IMG_5802-710x1024.jpg 710w, http:\/\/victor-sasportas.com\/wp-content\/uploads\/2019\/09\/IMG_5802-208x300.jpg 208w, http:\/\/victor-sasportas.com\/wp-content\/uploads\/2019\/09\/IMG_5802-768x1107.jpg 768w\" sizes=\"auto, (max-width: 710px) 100vw, 710px\" \/><\/p>\n<p><img loading=\"lazy\" decoding=\"async\" class=\"size-large wp-image-709 alignnone\" src=\"http:\/\/victor-sasportas.com\/wp-content\/uploads\/2019\/09\/IMG_5803-691x1024.jpg\" alt=\"\" width=\"691\" height=\"1024\" srcset=\"http:\/\/victor-sasportas.com\/wp-content\/uploads\/2019\/09\/IMG_5803-691x1024.jpg 691w, http:\/\/victor-sasportas.com\/wp-content\/uploads\/2019\/09\/IMG_5803-202x300.jpg 202w, http:\/\/victor-sasportas.com\/wp-content\/uploads\/2019\/09\/IMG_5803-768x1139.jpg 768w\" sizes=\"auto, (max-width: 691px) 100vw, 691px\" \/><\/p>","excerpt":"","slug":"salon-dautomne-paris-2019","image":false,"all_day":false,"start_date":"2019-10-10 10:00:00","start_date_details":{"year":"2019","month":"10","day":"10","hour":"10","minutes":"00","seconds":"00"},"end_date":"2019-10-13 19:00:00","end_date_details":{"year":"2019","month":"10","day":"13","hour":"19","minutes":"00","seconds":"00"},"utc_start_date":"2019-10-10 08:00:00","utc_start_date_details":{"year":"2019","month":"10","day":"10","hour":"08","minutes":"00","seconds":"00"},"utc_end_date":"2019-10-13 17:00:00","utc_end_date_details":{"year":"2019","month":"10","day":"13","hour":"17","minutes":"00","seconds":"00"},"timezone":"UTC+1","timezone_abbr":"UTC+1","cost":"","cost_details":{"currency_symbol":"","currency_code":"","currency_position":"prefix","values":[]},"website":"","show_map":true,"show_map_link":true,"hide_from_listings":false,"sticky":false,"featured":false,"categories":[],"tags":[],"venue":{"id":345,"author":"1","status":"publish","date":"2016-09-20 21:01:50","date_utc":"2016-09-20 20:01:50","modified":"2016-09-20 21:05:59","modified_utc":"2016-09-20 20:05:59","url":"http:\/\/victor-sasportas.com\/index.php\/venue\/salon-dautomne\/","venue":"Salon d&#8217;Automne","description":"<p>Le Salon d\u2019automne est une exposition d\u2019art se tenant annuellement \u00e0 Paris depuis 1903.<\/p>\n<p>Le Salon d\u2019automne fut cr\u00e9\u00e9 le 31 octobre 1903 au Petit Palais, \u00e0 l\u2019initiative du Belge Frantz Jourdain (1847-1935), architecte, homme de lettres et grand amateur d\u2019art, pr\u00e9sident du syndicat de la critique d\u2019art, et d\u2019amis comme les architectes Georges Desvalli\u00e8res et Hector Guimard, les peintres Eug\u00e8ne Carri\u00e8re, F\u00e9lix Vallotton, \u00c9douard Vuillard, Adrien Schulz, ou le d\u00e9corateur Jansen\u2026 Le but est double : le Salon d\u2019automne se doit \u00e0 la fois d\u2019offrir des d\u00e9bouch\u00e9s aux jeunes artistes et de faire d\u00e9couvrir l\u2019impressionnisme et ses prolongements \u00e0 un public populaire. Le choix de l\u2019automne comme saison de pr\u00e9sentation est strat\u00e9gique \u00e0 plus d\u2019un titre : non seulement il permet aux artistes de pr\u00e9senter leurs petits formats r\u00e9alis\u00e9s en ext\u00e9rieur au cours de l\u2019\u00e9t\u00e9, donc de se placer \u00e0 la pointe de l\u2019actualit\u00e9 artistique, mais il se d\u00e9marque des deux autres grands salons (la Nationale et les Artistes fran\u00e7ais) qui ont, eux, lieu au printemps.<\/p>\n<p>Le Salon d\u2019automne se singularise par sa pluridisciplinarit\u00e9, puisque se trouvent m\u00e9lang\u00e9s peintures, sculptures, photographies (\u00e0 partir de 1904), dessins, gravures, arts appliqu\u00e9s\u2026 et la clart\u00e9 de son agencement, plus ou moins par \u00e9cole. Les peintres \u00e9trangers y sont particuli\u00e8rement repr\u00e9sent\u00e9s.<\/p>\n<p>Le Salon compte aussi comme membre du comit\u00e9 d\u2019honneur le c\u00e9l\u00e8bre homme politique et amis des Arts Olivier Sains\u00e8re.<\/p>\n<p>D\u00e8s 1904, le Salon quitte le Petit Palais pour le Grand Palais, il s\u2019installera exceptionnellement en 1937 sur l\u2019Esplanade des Invalides en raison de l\u2019Exposition universelle.<\/p>\n<p><img loading=\"lazy\" decoding=\"async\" class=\"alignnone wp-image-346 size-full\" src=\"http:\/\/victor-sasportas.com\/wp-content\/uploads\/2016\/09\/800px-PanoramiqueGrandPalais.jpg\" alt=\"800px-panoramiquegrandpalais\" width=\"800\" height=\"223\" srcset=\"http:\/\/victor-sasportas.com\/wp-content\/uploads\/2016\/09\/800px-PanoramiqueGrandPalais.jpg 800w, http:\/\/victor-sasportas.com\/wp-content\/uploads\/2016\/09\/800px-PanoramiqueGrandPalais-300x84.jpg 300w, http:\/\/victor-sasportas.com\/wp-content\/uploads\/2016\/09\/800px-PanoramiqueGrandPalais-768x214.jpg 768w\" sizes=\"auto, (max-width: 800px) 100vw, 800px\" \/><\/p>\n<p>M\u00e9tro : Champs-Elys\u00e9es-Clemenceau<br \/>\nParking : Rond-Point des Champs Elys\u00e9es<br \/>\ninfo@salon-automne.com<br \/>\nTel : 33 (0)1 43 59 46 07<br \/>\nwww.salon-automne.com<\/p>","slug":"salon-dautomne","address":"Grand Palais, porte C, Avenue Franklin Roosevelt","city":"PARIS","country":"France","zip":"75008","phone":"01 43 59 46 07","website":"www.salon-automne.com","json_ld":{"@type":"Place","name":"Salon d&#8217;Automne","description":"&lt;p&gt;Le Salon d\u2019automne est une exposition d\u2019art se tenant annuellement \u00e0 Paris depuis 1903. Le Salon d\u2019automne fut cr\u00e9\u00e9 le 31 octobre 1903 au Petit Palais, \u00e0 l\u2019initiative du Belge Frantz Jourdain (1847-1935), architecte, homme de lettres et grand amateur d\u2019art, pr\u00e9sident du syndicat de la critique d\u2019art, et d\u2019amis comme les architectes Georges Desvalli\u00e8res&hellip;&lt;\/p&gt;\\n","url":"","address":{"@type":"PostalAddress","streetAddress":"Grand Palais, porte C, Avenue Franklin Roosevelt","addressLocality":"PARIS","postalCode":"75008","addressCountry":"France"},"telephone":"01 43 59 46 07","sameAs":"www.salon-automne.com"},"show_map":true,"show_map_link":true,"global_id":"victor-sasportas.com?id=345","global_id_lineage":["victor-sasportas.com?id=345"]},"organizer":[],"custom_fields":[],"json_ld":{"@context":"http:\/\/schema.org","@type":"Event","name":"Salon d&#8217;Automne, Paris 2019","description":"&lt;p&gt;Le Salon d\u2019Automne est une association d\u2019artistes, sans but lucratif, n\u00e9e en 1903, reconnue d\u2019utilit\u00e9 publique depuis 1920, dont le but est l\u2019encouragement et le d\u00e9veloppement des beaux-arts dans toutes ses manifestations et particuli\u00e8rement par des expositions tant en France qu\u2019\u00e0 l\u2019\u00e9tranger. Il organise \u00e0 Paris une grande r\u00e9union annuelle de prestige qui met en&hellip;&lt;\/p&gt;\\n","url":"http:\/\/victor-sasportas.com\/index.php\/event\/salon-dautomne-paris-2019\/","eventAttendanceMode":"https:\/\/schema.org\/OfflineEventAttendanceMode","eventStatus":"https:\/\/schema.org\/EventScheduled","startDate":"2019-10-10T10:00:00+01:00","endDate":"2019-10-13T19:00:00+01:00","location":{"@type":"Place","name":"Salon d&#8217;Automne","description":"&lt;p&gt;Le Salon d\u2019automne est une exposition d\u2019art se tenant annuellement \u00e0 Paris depuis 1903. Le Salon d\u2019automne fut cr\u00e9\u00e9 le 31 octobre 1903 au Petit Palais, \u00e0 l\u2019initiative du Belge Frantz Jourdain (1847-1935), architecte, homme de lettres et grand amateur d\u2019art, pr\u00e9sident du syndicat de la critique d\u2019art, et d\u2019amis comme les architectes Georges Desvalli\u00e8res&hellip;&lt;\/p&gt;\\n","url":"","address":{"@type":"PostalAddress","streetAddress":"Grand Palais, porte C, Avenue Franklin Roosevelt","addressLocality":"PARIS","postalCode":"75008","addressCountry":"France"},"telephone":"01 43 59 46 07","sameAs":"www.salon-automne.com"},"performer":"Organization"}}