{"id":759,"date":"2020-09-15T22:12:03","date_gmt":"2020-09-15T21:12:03","guid":{"rendered":"http:\/\/victor-sasportas.com\/?p=759"},"modified":"2020-09-15T22:17:41","modified_gmt":"2020-09-15T21:17:41","slug":"le-mot-du-president","status":"publish","type":"post","link":"http:\/\/victor-sasportas.com\/index.php\/2020\/09\/15\/le-mot-du-president\/","title":{"rendered":"Le mot du Pr\u00e9sident"},"content":{"rendered":"\n<p>L&#8217;expressionnisme revendiqu\u00e9 par l&#8217;\u00e9cole allemande au d\u00e9but du XX\u00e8me si\u00e8cle n&#8217;est pas un courant artistique organis\u00e9.<br>On caract\u00e9rise l&#8217;expressionnisme par la volont\u00e9 des artistes de cr\u00e9er un choc visuel, par la violence, l&#8217;insolite ou la surprise, aussi par le go\u00fbt des couleurs vives et arbitraires.<br><em><a href=\"https:\/\/fr.wikipedia.org\/wiki\/Le_Cri\">Le Cri<\/a><\/em>, c\u00e9l\u00e8bre tableau du peintre norv\u00e9gien <a href=\"https:\/\/fr.wikipedia.org\/wiki\/Edvard_Munch\">Edvard Munch<\/a> (incarnation parfaite de l&#8217;expressionnisme dans sa version tragique) exprime cette anxi\u00e9t\u00e9, cette peur, ce d\u00e9sespoir&#8230; et r\u00e9v\u00e8le le regard que les artistes portent sur le monde \u00e0 cette \u00e9poque.<br>Il existe bien en France un expressionnisme ou un courant dit &#8220;<a href=\"https:\/\/fr.wikipedia.org\/wiki\/Fauvisme\">Fauvisme<\/a>&#8221; et des peintes comme <a href=\"https:\/\/fr.wikipedia.org\/wiki\/Henri_Matisse\">H. Matisse<\/a>, <a href=\"https:\/\/fr.wikipedia.org\/wiki\/Maurice_de_Vlaminck\">M. de Vlaminck<\/a>, <a href=\"https:\/\/fr.wikipedia.org\/wiki\/Andr%C3%A9_Derain\">A. Derain<\/a>, entre autres.<br>Le nom de &#8220;fauves&#8221; leur fut donn\u00e9 par d\u00e9nigrement en raison de l&#8217;expressivit\u00e9 de leurs couleurs, leur outrance, leur exub\u00e9rance chromatique. Ces peintres feront d&#8217;ailleurs scandale au <a href=\"https:\/\/fr.wikipedia.org\/wiki\/Salon_d%27automne\">Salon d&#8217;Automne<\/a> de 1905.<\/p>\n\n\n\n<p>Le courant expressionniste constitue le point d&#8217;aboutissement de l&#8217;art figuratif, et dans le m\u00eame temps une tendance submerge peu \u00e0 peu la sc\u00e8ne artistique&#8230; l&#8217;art abstrait (pr\u00e9dit par <a href=\"https:\/\/fr.wikipedia.org\/wiki\/Vassily_Kandinsky\">Kandinsky<\/a>), dont l&#8217;expressionnisme a pr\u00e9par\u00e9 sa r\u00e9volution.<\/p>\n\n\n\n<p>Je suis tr\u00e8s heureux de pr\u00e9senter cette section d&#8217;artistes de talent, s&#8217;inscrivant r\u00e9solument dans la lign\u00e9e des pr\u00e9curseurs du mouvement expressionniste.<\/p>\n\n\n\n<p>Victor Sasportas<br>Peintre<br>Pr\u00e9sident de la Section &#8220;Expressionnisme&#8221;<\/p>\n","protected":false},"excerpt":{"rendered":"<p>L&#8217;expressionnisme revendiqu\u00e9 par l&#8217;\u00e9cole allemande au d\u00e9but du XX\u00e8me si\u00e8cle n&#8217;est pas un courant artistique organis\u00e9.On caract\u00e9rise l&#8217;expressionnisme par la volont\u00e9 des artistes de cr\u00e9er un choc visuel, par la violence, l&#8217;insolite ou la surprise, aussi par le go\u00fbt des couleurs vives et arbitraires.Le Cri, c\u00e9l\u00e8bre tableau du peintre norv\u00e9gien Edvard Munch (incarnation parfaite de&hellip;<\/p>\n","protected":false},"author":1,"featured_media":0,"comment_status":"closed","ping_status":"open","sticky":false,"template":"","format":"standard","meta":{"_exactmetrics_skip_tracking":false,"_exactmetrics_sitenote_active":false,"_exactmetrics_sitenote_note":"","_exactmetrics_sitenote_category":0,"footnotes":""},"categories":[1],"tags":[],"class_list":["post-759","post","type-post","status-publish","format-standard","hentry","category-non-classe"],"yoast_head":"<!-- This site is optimized with the Yoast SEO plugin v27.5 - https:\/\/yoast.com\/product\/yoast-seo-wordpress\/ -->\n<title>Le mot du Pr\u00e9sident - VICTOR SASPORTAS<\/title>\n<meta name=\"description\" content=\"Pr\u00e9sentation de la section expressionnisme du salon d&#039;automne\" \/>\n<meta name=\"robots\" content=\"index, follow, max-snippet:-1, max-image-preview:large, max-video-preview:-1\" \/>\n<link rel=\"canonical\" href=\"https:\/\/victor-sasportas.com\/index.php\/2020\/09\/15\/le-mot-du-president\/\" \/>\n<meta property=\"og:locale\" content=\"en_US\" \/>\n<meta property=\"og:type\" content=\"article\" \/>\n<meta property=\"og:title\" content=\"Le mot du Pr\u00e9sident - VICTOR SASPORTAS\" \/>\n<meta property=\"og:description\" content=\"Pr\u00e9sentation de la section expressionnisme du salon d&#039;automne\" \/>\n<meta property=\"og:url\" content=\"https:\/\/victor-sasportas.com\/index.php\/2020\/09\/15\/le-mot-du-president\/\" \/>\n<meta property=\"og:site_name\" content=\"VICTOR SASPORTAS\" \/>\n<meta property=\"article:published_time\" content=\"2020-09-15T21:12:03+00:00\" \/>\n<meta property=\"article:modified_time\" content=\"2020-09-15T21:17:41+00:00\" \/>\n<meta name=\"author\" content=\"admin7577\" \/>\n<meta name=\"twitter:card\" content=\"summary_large_image\" \/>\n<meta name=\"twitter:label1\" content=\"Written by\" \/>\n\t<meta name=\"twitter:data1\" content=\"admin7577\" \/>\n\t<meta name=\"twitter:label2\" content=\"Est. reading time\" \/>\n\t<meta name=\"twitter:data2\" content=\"1 minute\" \/>\n<script type=\"application\/ld+json\" class=\"yoast-schema-graph\">{\"@context\":\"https:\\\/\\\/schema.org\",\"@graph\":[{\"@type\":\"Article\",\"@id\":\"https:\\\/\\\/victor-sasportas.com\\\/index.php\\\/2020\\\/09\\\/15\\\/le-mot-du-president\\\/#article\",\"isPartOf\":{\"@id\":\"https:\\\/\\\/victor-sasportas.com\\\/index.php\\\/2020\\\/09\\\/15\\\/le-mot-du-president\\\/\"},\"author\":{\"name\":\"admin7577\",\"@id\":\"http:\\\/\\\/victor-sasportas.com\\\/#\\\/schema\\\/person\\\/f3a87f5c42c37b71b201c1f7e26591fa\"},\"headline\":\"Le mot du Pr\u00e9sident\",\"datePublished\":\"2020-09-15T21:12:03+00:00\",\"dateModified\":\"2020-09-15T21:17:41+00:00\",\"mainEntityOfPage\":{\"@id\":\"https:\\\/\\\/victor-sasportas.com\\\/index.php\\\/2020\\\/09\\\/15\\\/le-mot-du-president\\\/\"},\"wordCount\":244,\"articleSection\":[\"Non class\u00e9\"],\"inLanguage\":\"en-US\"},{\"@type\":\"WebPage\",\"@id\":\"https:\\\/\\\/victor-sasportas.com\\\/index.php\\\/2020\\\/09\\\/15\\\/le-mot-du-president\\\/\",\"url\":\"https:\\\/\\\/victor-sasportas.com\\\/index.php\\\/2020\\\/09\\\/15\\\/le-mot-du-president\\\/\",\"name\":\"Le mot du Pr\u00e9sident - VICTOR SASPORTAS\",\"isPartOf\":{\"@id\":\"http:\\\/\\\/victor-sasportas.com\\\/#website\"},\"datePublished\":\"2020-09-15T21:12:03+00:00\",\"dateModified\":\"2020-09-15T21:17:41+00:00\",\"author\":{\"@id\":\"http:\\\/\\\/victor-sasportas.com\\\/#\\\/schema\\\/person\\\/f3a87f5c42c37b71b201c1f7e26591fa\"},\"description\":\"Pr\u00e9sentation de la section expressionnisme du salon d'automne\",\"breadcrumb\":{\"@id\":\"https:\\\/\\\/victor-sasportas.com\\\/index.php\\\/2020\\\/09\\\/15\\\/le-mot-du-president\\\/#breadcrumb\"},\"inLanguage\":\"en-US\",\"potentialAction\":[{\"@type\":\"ReadAction\",\"target\":[\"https:\\\/\\\/victor-sasportas.com\\\/index.php\\\/2020\\\/09\\\/15\\\/le-mot-du-president\\\/\"]}]},{\"@type\":\"BreadcrumbList\",\"@id\":\"https:\\\/\\\/victor-sasportas.com\\\/index.php\\\/2020\\\/09\\\/15\\\/le-mot-du-president\\\/#breadcrumb\",\"itemListElement\":[{\"@type\":\"ListItem\",\"position\":1,\"name\":\"Home\",\"item\":\"http:\\\/\\\/victor-sasportas.com\\\/\"},{\"@type\":\"ListItem\",\"position\":2,\"name\":\"Le mot du Pr\u00e9sident\"}]},{\"@type\":\"WebSite\",\"@id\":\"http:\\\/\\\/victor-sasportas.com\\\/#website\",\"url\":\"http:\\\/\\\/victor-sasportas.com\\\/\",\"name\":\"VICTOR SASPORTAS\",\"description\":\"Artiste Peintre Contemporain\",\"potentialAction\":[{\"@type\":\"SearchAction\",\"target\":{\"@type\":\"EntryPoint\",\"urlTemplate\":\"http:\\\/\\\/victor-sasportas.com\\\/?s={search_term_string}\"},\"query-input\":{\"@type\":\"PropertyValueSpecification\",\"valueRequired\":true,\"valueName\":\"search_term_string\"}}],\"inLanguage\":\"en-US\"},{\"@type\":\"Person\",\"@id\":\"http:\\\/\\\/victor-sasportas.com\\\/#\\\/schema\\\/person\\\/f3a87f5c42c37b71b201c1f7e26591fa\",\"name\":\"admin7577\",\"image\":{\"@type\":\"ImageObject\",\"inLanguage\":\"en-US\",\"@id\":\"https:\\\/\\\/secure.gravatar.com\\\/avatar\\\/92dca43bf2935c3bf3edd17d722c05e60fd88cc86a5c8deb4c08ad2dbb09bb77?s=96&d=mm&r=g\",\"url\":\"https:\\\/\\\/secure.gravatar.com\\\/avatar\\\/92dca43bf2935c3bf3edd17d722c05e60fd88cc86a5c8deb4c08ad2dbb09bb77?s=96&d=mm&r=g\",\"contentUrl\":\"https:\\\/\\\/secure.gravatar.com\\\/avatar\\\/92dca43bf2935c3bf3edd17d722c05e60fd88cc86a5c8deb4c08ad2dbb09bb77?s=96&d=mm&r=g\",\"caption\":\"admin7577\"},\"url\":\"http:\\\/\\\/victor-sasportas.com\\\/index.php\\\/author\\\/admin7577\\\/\"}]}<\/script>\n<!-- \/ Yoast SEO plugin. -->","yoast_head_json":{"title":"Le mot du Pr\u00e9sident - VICTOR SASPORTAS","description":"Pr\u00e9sentation de la section expressionnisme du salon d'automne","robots":{"index":"index","follow":"follow","max-snippet":"max-snippet:-1","max-image-preview":"max-image-preview:large","max-video-preview":"max-video-preview:-1"},"canonical":"https:\/\/victor-sasportas.com\/index.php\/2020\/09\/15\/le-mot-du-president\/","og_locale":"en_US","og_type":"article","og_title":"Le mot du Pr\u00e9sident - VICTOR SASPORTAS","og_description":"Pr\u00e9sentation de la section expressionnisme du salon d'automne","og_url":"https:\/\/victor-sasportas.com\/index.php\/2020\/09\/15\/le-mot-du-president\/","og_site_name":"VICTOR SASPORTAS","article_published_time":"2020-09-15T21:12:03+00:00","article_modified_time":"2020-09-15T21:17:41+00:00","author":"admin7577","twitter_card":"summary_large_image","twitter_misc":{"Written by":"admin7577","Est. reading time":"1 minute"},"schema":{"@context":"https:\/\/schema.org","@graph":[{"@type":"Article","@id":"https:\/\/victor-sasportas.com\/index.php\/2020\/09\/15\/le-mot-du-president\/#article","isPartOf":{"@id":"https:\/\/victor-sasportas.com\/index.php\/2020\/09\/15\/le-mot-du-president\/"},"author":{"name":"admin7577","@id":"http:\/\/victor-sasportas.com\/#\/schema\/person\/f3a87f5c42c37b71b201c1f7e26591fa"},"headline":"Le mot du Pr\u00e9sident","datePublished":"2020-09-15T21:12:03+00:00","dateModified":"2020-09-15T21:17:41+00:00","mainEntityOfPage":{"@id":"https:\/\/victor-sasportas.com\/index.php\/2020\/09\/15\/le-mot-du-president\/"},"wordCount":244,"articleSection":["Non class\u00e9"],"inLanguage":"en-US"},{"@type":"WebPage","@id":"https:\/\/victor-sasportas.com\/index.php\/2020\/09\/15\/le-mot-du-president\/","url":"https:\/\/victor-sasportas.com\/index.php\/2020\/09\/15\/le-mot-du-president\/","name":"Le mot du Pr\u00e9sident - VICTOR SASPORTAS","isPartOf":{"@id":"http:\/\/victor-sasportas.com\/#website"},"datePublished":"2020-09-15T21:12:03+00:00","dateModified":"2020-09-15T21:17:41+00:00","author":{"@id":"http:\/\/victor-sasportas.com\/#\/schema\/person\/f3a87f5c42c37b71b201c1f7e26591fa"},"description":"Pr\u00e9sentation de la section expressionnisme du salon d'automne","breadcrumb":{"@id":"https:\/\/victor-sasportas.com\/index.php\/2020\/09\/15\/le-mot-du-president\/#breadcrumb"},"inLanguage":"en-US","potentialAction":[{"@type":"ReadAction","target":["https:\/\/victor-sasportas.com\/index.php\/2020\/09\/15\/le-mot-du-president\/"]}]},{"@type":"BreadcrumbList","@id":"https:\/\/victor-sasportas.com\/index.php\/2020\/09\/15\/le-mot-du-president\/#breadcrumb","itemListElement":[{"@type":"ListItem","position":1,"name":"Home","item":"http:\/\/victor-sasportas.com\/"},{"@type":"ListItem","position":2,"name":"Le mot du Pr\u00e9sident"}]},{"@type":"WebSite","@id":"http:\/\/victor-sasportas.com\/#website","url":"http:\/\/victor-sasportas.com\/","name":"VICTOR SASPORTAS","description":"Artiste Peintre Contemporain","potentialAction":[{"@type":"SearchAction","target":{"@type":"EntryPoint","urlTemplate":"http:\/\/victor-sasportas.com\/?s={search_term_string}"},"query-input":{"@type":"PropertyValueSpecification","valueRequired":true,"valueName":"search_term_string"}}],"inLanguage":"en-US"},{"@type":"Person","@id":"http:\/\/victor-sasportas.com\/#\/schema\/person\/f3a87f5c42c37b71b201c1f7e26591fa","name":"admin7577","image":{"@type":"ImageObject","inLanguage":"en-US","@id":"https:\/\/secure.gravatar.com\/avatar\/92dca43bf2935c3bf3edd17d722c05e60fd88cc86a5c8deb4c08ad2dbb09bb77?s=96&d=mm&r=g","url":"https:\/\/secure.gravatar.com\/avatar\/92dca43bf2935c3bf3edd17d722c05e60fd88cc86a5c8deb4c08ad2dbb09bb77?s=96&d=mm&r=g","contentUrl":"https:\/\/secure.gravatar.com\/avatar\/92dca43bf2935c3bf3edd17d722c05e60fd88cc86a5c8deb4c08ad2dbb09bb77?s=96&d=mm&r=g","caption":"admin7577"},"url":"http:\/\/victor-sasportas.com\/index.php\/author\/admin7577\/"}]}},"_links":{"self":[{"href":"http:\/\/victor-sasportas.com\/index.php\/wp-json\/wp\/v2\/posts\/759","targetHints":{"allow":["GET"]}}],"collection":[{"href":"http:\/\/victor-sasportas.com\/index.php\/wp-json\/wp\/v2\/posts"}],"about":[{"href":"http:\/\/victor-sasportas.com\/index.php\/wp-json\/wp\/v2\/types\/post"}],"author":[{"embeddable":true,"href":"http:\/\/victor-sasportas.com\/index.php\/wp-json\/wp\/v2\/users\/1"}],"replies":[{"embeddable":true,"href":"http:\/\/victor-sasportas.com\/index.php\/wp-json\/wp\/v2\/comments?post=759"}],"version-history":[{"count":2,"href":"http:\/\/victor-sasportas.com\/index.php\/wp-json\/wp\/v2\/posts\/759\/revisions"}],"predecessor-version":[{"id":762,"href":"http:\/\/victor-sasportas.com\/index.php\/wp-json\/wp\/v2\/posts\/759\/revisions\/762"}],"wp:attachment":[{"href":"http:\/\/victor-sasportas.com\/index.php\/wp-json\/wp\/v2\/media?parent=759"}],"wp:term":[{"taxonomy":"category","embeddable":true,"href":"http:\/\/victor-sasportas.com\/index.php\/wp-json\/wp\/v2\/categories?post=759"},{"taxonomy":"post_tag","embeddable":true,"href":"http:\/\/victor-sasportas.com\/index.php\/wp-json\/wp\/v2\/tags?post=759"}],"curies":[{"name":"wp","href":"https:\/\/api.w.org\/{rel}","templated":true}]}}