{"id":1032,"global_id":"victor-sasportas.com?id=1032","global_id_lineage":["victor-sasportas.com?id=1032"],"author":"1","status":"publish","date":"2023-07-16 18:04:17","date_utc":"2023-07-16 17:04:17","modified":"2023-09-16 18:35:46","modified_utc":"2023-09-16 17:35:46","url":"https:\/\/victor-sasportas.com\/index.php\/event\/4e-biennale-des-beaux-arts-rambouillet-arts-partage-rambouillet-2023\/","rest_url":"https:\/\/victor-sasportas.com\/index.php\/wp-json\/tribe\/events\/v1\/events\/1032","title":"4e Biennale des Beaux-Arts, Rambouillet Arts &#038; Partage, Rambouillet, 2023","description":"<p>Rambouillet, Ville d\u2019Art et d\u2019Histoire, partenaire de r\u00e9f\u00e9rence de l\u2019association \u00ab Rambouillet Arts et Partage (l\u2019Association) souhaite d\u00e9velopper son patrimoine culturel et artistique, et faire rayonner et partager la culture des Beaux-Arts, \u00e0 l\u2019int\u00e9rieur mais aussi au-del\u00e0 des fronti\u00e8res de son territoire.<\/p>\n<p>Ainsi, apr\u00e8s le succ\u00e8s de la 15\u00e8me Biennale de sculpture et peinture animali\u00e8res qui s\u2019est tenue en octobre 2022, l\u2019Association organise la 4 \u00e8me Biennale des Beaux-Arts qui se tiendra du samedi 7 octobre au dimanche 22 octobre 2023 \u00e0 la salle Paten\u00f4tre, 64 rue Gambetta, \u00e0 Rambouillet.<\/p>\n<p>Nous souhaitons attirer un large public (amateurs d\u2019art, collectionneurs, galeristes) gr\u00e2ce \u00e0 la participation d\u2019artistes professionnels et amateurs s\u00e9lectionn\u00e9s, autour de nos invit\u00e9s d\u2019honneur.<\/p>\n<p>Afin d\u2019impliquer la jeunesse, des visites particuli\u00e8res et la participation de groupes scolaires pourront \u00eatre organis\u00e9es.<\/p>\n<p>Plusieurs prix seront attribu\u00e9s aux laur\u00e9ats du salon d\u00e9sign\u00e9s par le jury de la Biennale, pour un montant global de 6000 \u20ac.<\/p>\n<p><img loading=\"lazy\" decoding=\"async\" class=\"alignnone size-medium wp-image-1056\" src=\"http:\/\/victor-sasportas.com\/wp-content\/uploads\/2023\/07\/a-300x212.jpg\" alt=\"\" width=\"300\" height=\"212\" srcset=\"https:\/\/victor-sasportas.com\/wp-content\/uploads\/2023\/07\/a-300x212.jpg 300w, https:\/\/victor-sasportas.com\/wp-content\/uploads\/2023\/07\/a.jpg 595w\" sizes=\"auto, (max-width: 300px) 100vw, 300px\" \/><\/p>\n<p><img loading=\"lazy\" decoding=\"async\" class=\"alignnone size-medium wp-image-1057\" src=\"http:\/\/victor-sasportas.com\/wp-content\/uploads\/2023\/07\/Carton-dinvitation-Biennale-des-Beaux-Arts-V1-300x212.jpg\" alt=\"\" width=\"300\" height=\"212\" srcset=\"https:\/\/victor-sasportas.com\/wp-content\/uploads\/2023\/07\/Carton-dinvitation-Biennale-des-Beaux-Arts-V1-300x212.jpg 300w, https:\/\/victor-sasportas.com\/wp-content\/uploads\/2023\/07\/Carton-dinvitation-Biennale-des-Beaux-Arts-V1.jpg 595w\" sizes=\"auto, (max-width: 300px) 100vw, 300px\" \/><\/p>\n<p><img loading=\"lazy\" decoding=\"async\" class=\"alignnone size-medium wp-image-1054\" src=\"http:\/\/victor-sasportas.com\/wp-content\/uploads\/2023\/07\/Affiche-RAP-BBA-2023-212x300.png\" alt=\"\" width=\"212\" height=\"300\" srcset=\"https:\/\/victor-sasportas.com\/wp-content\/uploads\/2023\/07\/Affiche-RAP-BBA-2023-212x300.png 212w, https:\/\/victor-sasportas.com\/wp-content\/uploads\/2023\/07\/Affiche-RAP-BBA-2023.png 595w\" sizes=\"auto, (max-width: 212px) 100vw, 212px\" \/><\/p>\n<p><img loading=\"lazy\" decoding=\"async\" class=\"alignleft size-full wp-image-1033\" src=\"http:\/\/victor-sasportas.com\/wp-content\/uploads\/2023\/07\/Logo-RAP.jpeg\" alt=\"\" width=\"330\" height=\"303\" srcset=\"https:\/\/victor-sasportas.com\/wp-content\/uploads\/2023\/07\/Logo-RAP.jpeg 330w, https:\/\/victor-sasportas.com\/wp-content\/uploads\/2023\/07\/Logo-RAP-300x275.jpeg 300w\" sizes=\"auto, (max-width: 330px) 100vw, 330px\" \/><\/p>","excerpt":"","slug":"4e-biennale-des-beaux-arts-rambouillet-arts-partage-rambouillet-2023","image":false,"all_day":false,"start_date":"2023-10-07 08:00:00","start_date_details":{"year":"2023","month":"10","day":"07","hour":"08","minutes":"00","seconds":"00"},"end_date":"2023-10-22 17:00:00","end_date_details":{"year":"2023","month":"10","day":"22","hour":"17","minutes":"00","seconds":"00"},"utc_start_date":"2023-10-07 06:00:00","utc_start_date_details":{"year":"2023","month":"10","day":"07","hour":"06","minutes":"00","seconds":"00"},"utc_end_date":"2023-10-22 15:00:00","utc_end_date_details":{"year":"2023","month":"10","day":"22","hour":"15","minutes":"00","seconds":"00"},"timezone":"UTC+1","timezone_abbr":"UTC+1","cost":"","cost_details":{"currency_symbol":"","currency_code":"","currency_position":"prefix","values":[]},"website":"","show_map":true,"show_map_link":true,"hide_from_listings":false,"sticky":false,"featured":false,"categories":[],"tags":[],"venue":{"id":1030,"author":"1","status":"publish","date":"2023-07-16 17:59:27","date_utc":"2023-07-16 16:59:27","modified":"2023-07-16 17:59:27","modified_utc":"2023-07-16 16:59:27","url":"https:\/\/victor-sasportas.com\/index.php\/venue\/salle-raymond-patenotre-rambouillet\/","venue":"Salle Raymond Paten\u00f4tre, Rambouillet","slug":"salle-raymond-patenotre-rambouillet","address":"64 rue Gambetta","city":"Rambouillet","country":"France","zip":"78120","website":"https:\/\/yveline.org\/la-salle-patenotre\/","json_ld":{"@type":"Place","name":"Salle Raymond Paten\u00f4tre, Rambouillet","description":"","url":"","address":{"@type":"PostalAddress","streetAddress":"64 rue Gambetta","addressLocality":"Rambouillet","postalCode":"78120","addressCountry":"France"},"telephone":"","sameAs":"https:\/\/yveline.org\/la-salle-patenotre\/"},"show_map":true,"show_map_link":true,"global_id":"victor-sasportas.com?id=1030","global_id_lineage":["victor-sasportas.com?id=1030"]},"organizer":[],"custom_fields":[],"json_ld":{"@context":"http:\/\/schema.org","@type":"Event","name":"4e Biennale des Beaux-Arts, Rambouillet Arts &#038; Partage, Rambouillet, 2023","description":"&lt;p&gt;Rambouillet, Ville d\u2019Art et d\u2019Histoire, partenaire de r\u00e9f\u00e9rence de l\u2019association \u00ab Rambouillet Arts et Partage (l\u2019Association) souhaite d\u00e9velopper son patrimoine culturel et artistique, et faire rayonner et partager la culture des Beaux-Arts, \u00e0 l\u2019int\u00e9rieur mais aussi au-del\u00e0 des fronti\u00e8res de son territoire. Ainsi, apr\u00e8s le succ\u00e8s de la 15\u00e8me Biennale de sculpture et peinture animali\u00e8res&hellip;&lt;\/p&gt;\\n","url":"https:\/\/victor-sasportas.com\/index.php\/event\/4e-biennale-des-beaux-arts-rambouillet-arts-partage-rambouillet-2023\/","eventAttendanceMode":"https:\/\/schema.org\/OfflineEventAttendanceMode","eventStatus":"https:\/\/schema.org\/EventScheduled","startDate":"2023-10-07T08:00:00+01:00","endDate":"2023-10-22T17:00:00+01:00","location":{"@type":"Place","name":"Salle Raymond Paten\u00f4tre, Rambouillet","description":"","url":"","address":{"@type":"PostalAddress","streetAddress":"64 rue Gambetta","addressLocality":"Rambouillet","postalCode":"78120","addressCountry":"France"},"telephone":"","sameAs":"https:\/\/yveline.org\/la-salle-patenotre\/"},"performer":"Organization"}}