{"id":477,"global_id":"victor-sasportas.com?id=477","global_id_lineage":["victor-sasportas.com?id=477"],"author":"1","status":"publish","date":"2017-08-28 22:37:49","date_utc":"2017-08-28 21:37:49","modified":"2017-11-18 22:33:12","modified_utc":"2017-11-18 21:33:12","url":"https:\/\/victor-sasportas.com\/index.php\/event\/salon-de-la-societe-nationale-des-beaux-arts-2017\/","rest_url":"https:\/\/victor-sasportas.com\/index.php\/wp-json\/tribe\/events\/v1\/events\/477","title":"Salon de la Soci\u00e9t\u00e9 Nationale des Beaux Arts 2017","description":"<p>La Soci\u00e9t\u00e9 Nationale des Beaux Arts pavoise au port du Carrousel du Louvre. C\u2019est un navire de libre navigation. A la passerelle, son \u00e9quipage b\u00e9n\u00e9vole vous invite \u00e0 monter \u00e0 bord pour que vous participiez \u00e0 nos belles escales esp\u00e9r\u00e9es.<\/p>\n<p>En 2011, la Soci\u00e9t\u00e9 Nationale des Beaux Arts a f\u00eat\u00e9 ses 150 ans, des noces glorieuses et heureuses avec les artistes. Une fid\u00e8le union dans l\u2019int\u00e9grit\u00e9 de la cr\u00e9ation. Les anciens libres et talentueux ont assur\u00e9 la solidit\u00e9 de ses fondations.<\/p>\n<p>Aujourd\u2019hui, tout en admirant nos illustres devanciers, nous nous effor\u00e7ons d\u2019en \u00eatre dignes, sans soumission \u00e0 leurs principes en nous souvenant de leur esprit d\u2019ind\u00e9pendance. Les phares balaient l\u2019horizon mais ne tracent pas la route. Tout voyage est nouveau pour des regards vierges, vigilants, vivants. Chaque navigation est \u00e0 r\u00e9inventer. Les moyens diff\u00e8rent, les buts demeurent. Si notre environnement se transforme, nos \u00e9motions sont p\u00e9rennes.<\/p>\n<p>Le Salon des Beaux Arts accueille peintres, sculpteurs, graveurs, photographes et illustrateurs, v\u00e9t\u00e9rans ou jeunes, l\u2019\u00e2ge ne fait rien \u00e0 l\u2019affaire, qui expriment toutes les facettes de la vie, joyeuses ou tragiques, sans complaisances \u00e0 la mode, \u00e0 la routine ou au march\u00e9 sp\u00e9culatif. Faites partie des 15 000 visiteurs annuels de notre Salon !<\/p>\n<p>La prochaine \u00e9dition du Salon des Beaux Arts se tiendra du 7 au 10 d\u00e9cembre 2017 dans les Salles du Carrousel du Louvre, Paris.<\/p>\n<p><strong>Vernissage le Jeudi 7 D\u00e9cembre 2017 \u00e0 18h.<\/strong><\/p>\n<p>&nbsp;<\/p>\n<p>&nbsp;<\/p>\n<p><img loading=\"lazy\" decoding=\"async\" class=\"alignleft size-large wp-image-478\" src=\"http:\/\/victor-sasportas.com\/wp-content\/uploads\/2017\/08\/carrousel-du-louvre-1024x768.jpg\" alt=\"\" width=\"824\" height=\"618\" srcset=\"https:\/\/victor-sasportas.com\/wp-content\/uploads\/2017\/08\/carrousel-du-louvre-1024x768.jpg 1024w, https:\/\/victor-sasportas.com\/wp-content\/uploads\/2017\/08\/carrousel-du-louvre-300x225.jpg 300w, https:\/\/victor-sasportas.com\/wp-content\/uploads\/2017\/08\/carrousel-du-louvre-768x576.jpg 768w\" sizes=\"auto, (max-width: 824px) 100vw, 824px\" \/><\/p>\n<p>&nbsp;<\/p>\n<p>&nbsp;<\/p>\n<p>&nbsp;<\/p>\n<p>&nbsp;<\/p>\n<p>&nbsp;<\/p>\n<p>&nbsp;<\/p>\n<p>&nbsp;<\/p>\n<p>&nbsp;<\/p>\n<p>&nbsp;<\/p>\n<p>&nbsp;<\/p>\n<p>&nbsp;<\/p>\n<p>&nbsp;<\/p>\n<p>&nbsp;<\/p>\n<p>&nbsp;<\/p>\n<p>&nbsp;<\/p>\n<p>&nbsp;<\/p>\n<p><img loading=\"lazy\" decoding=\"async\" class=\"alignleft size-large wp-image-515\" src=\"http:\/\/victor-sasportas.com\/wp-content\/uploads\/2017\/08\/1-1024x1024.png\" alt=\"\" width=\"824\" height=\"824\" srcset=\"https:\/\/victor-sasportas.com\/wp-content\/uploads\/2017\/08\/1-1024x1024.png 1024w, https:\/\/victor-sasportas.com\/wp-content\/uploads\/2017\/08\/1-150x150.png 150w, https:\/\/victor-sasportas.com\/wp-content\/uploads\/2017\/08\/1-300x300.png 300w, https:\/\/victor-sasportas.com\/wp-content\/uploads\/2017\/08\/1-768x768.png 768w, https:\/\/victor-sasportas.com\/wp-content\/uploads\/2017\/08\/1.png 1600w\" sizes=\"auto, (max-width: 824px) 100vw, 824px\" \/> <img loading=\"lazy\" decoding=\"async\" class=\"alignleft size-large wp-image-516\" src=\"http:\/\/victor-sasportas.com\/wp-content\/uploads\/2017\/08\/2-1024x957.png\" alt=\"\" width=\"824\" height=\"770\" srcset=\"https:\/\/victor-sasportas.com\/wp-content\/uploads\/2017\/08\/2-1024x957.png 1024w, https:\/\/victor-sasportas.com\/wp-content\/uploads\/2017\/08\/2-300x280.png 300w, https:\/\/victor-sasportas.com\/wp-content\/uploads\/2017\/08\/2-768x718.png 768w\" sizes=\"auto, (max-width: 824px) 100vw, 824px\" \/> <img loading=\"lazy\" decoding=\"async\" class=\"alignleft size-large wp-image-517\" src=\"http:\/\/victor-sasportas.com\/wp-content\/uploads\/2017\/08\/3-1024x943.jpg\" alt=\"\" width=\"824\" height=\"759\" srcset=\"https:\/\/victor-sasportas.com\/wp-content\/uploads\/2017\/08\/3-1024x943.jpg 1024w, https:\/\/victor-sasportas.com\/wp-content\/uploads\/2017\/08\/3-300x276.jpg 300w, https:\/\/victor-sasportas.com\/wp-content\/uploads\/2017\/08\/3-768x707.jpg 768w, https:\/\/victor-sasportas.com\/wp-content\/uploads\/2017\/08\/3.jpg 1393w\" sizes=\"auto, (max-width: 824px) 100vw, 824px\" \/><\/p>","excerpt":"","slug":"salon-de-la-societe-nationale-des-beaux-arts-2017","image":false,"all_day":false,"start_date":"2017-12-07 18:00:00","start_date_details":{"year":"2017","month":"12","day":"07","hour":"18","minutes":"00","seconds":"00"},"end_date":"2017-12-10 22:00:00","end_date_details":{"year":"2017","month":"12","day":"10","hour":"22","minutes":"00","seconds":"00"},"utc_start_date":"2017-12-07 17:00:00","utc_start_date_details":{"year":"2017","month":"12","day":"07","hour":"17","minutes":"00","seconds":"00"},"utc_end_date":"2017-12-10 21:00:00","utc_end_date_details":{"year":"2017","month":"12","day":"10","hour":"21","minutes":"00","seconds":"00"},"timezone":"UTC+1","timezone_abbr":"","cost":"","cost_details":{"currency_symbol":"","currency_code":"","currency_position":"prefix","values":[]},"website":"","show_map":true,"show_map_link":true,"hide_from_listings":false,"sticky":false,"featured":false,"categories":[],"tags":[],"venue":{"id":381,"author":"1","status":"publish","date":"2016-10-26 21:15:55","date_utc":"2016-10-26 20:15:55","modified":"2016-10-26 21:15:55","modified_utc":"2016-10-26 20:15:55","url":"https:\/\/victor-sasportas.com\/index.php\/venue\/le-carrousel-du-louvre\/","venue":"Le Carrousel du Louvre","description":"<p>Le carrousel du Louvre est \u00e0 la fois :<\/p>\n<ul>\n<li>un espace historique et culturel, avec la pr\u00e9sence notamment d&#8217;un acc\u00e8s au mus\u00e9e du Louvre ainsi que d&#8217;un amphith\u00e9\u00e2tre de l&#8217;\u00c9cole du Louvre de 600 places (amphith\u00e9\u00e2tre Rohan) ;<\/li>\n<li>une galerie commerciale de 10 200 m2, ouverte le dimanche, et inaugur\u00e9e en octobre 1993, qui compte parmi ses nombreuses boutiques de grandes enseignes comme Sephora, Loisir &amp; Cr\u00e9ation, R\u00e9sonances, Nature et D\u00e9couvertes, Esprit, La Maison du Chocolat, Mariage Fr\u00e8res, Lancel, Kusmi Tea et depuis 2009 le tout premier Apple Store de France[1]. En 2013, le Carrousel du Louvre est le neuvi\u00e8me centre commercial le plus visit\u00e9 de France avec 16,7 millions de visiteurs[2];<\/li>\n<li>un espace de restauration ;<\/li>\n<li>des lieux d\u00e9di\u00e9s \u00e0 des expositions : le centre de congr\u00e8s Viparis Carrousel du Louvre.<\/li>\n<li>un espace arch\u00e9ologique avec les Murs de l&#8217;enceinte de Paris au Carrousel du Louvre.<\/li>\n<\/ul>\n<p>Son nom fait r\u00e9f\u00e9rence \u00e0 la place du Carrousel toute proche.<\/p>\n<p><img loading=\"lazy\" decoding=\"async\" class=\"alignleft wp-image-382 size-full\" src=\"http:\/\/victor-sasportas.com\/wp-content\/uploads\/2016\/10\/Carrousel-du-Louvre-Paris-e1413462208823.jpg\" alt=\"carrousel-du-louvre-paris-e1413462208823\" width=\"610\" height=\"342\" srcset=\"https:\/\/victor-sasportas.com\/wp-content\/uploads\/2016\/10\/Carrousel-du-Louvre-Paris-e1413462208823.jpg 610w, https:\/\/victor-sasportas.com\/wp-content\/uploads\/2016\/10\/Carrousel-du-Louvre-Paris-e1413462208823-300x168.jpg 300w\" sizes=\"auto, (max-width: 610px) 100vw, 610px\" \/><\/p>","slug":"le-carrousel-du-louvre","address":"99 Rue de Rivoli","city":"PARIS","country":"France","zip":"75001","phone":"01 43 16 47 10","website":"http:\/\/www.carrouseldulouvre.com\/","json_ld":{"@type":"Place","name":"Le Carrousel du Louvre","description":"&lt;p&gt;Le carrousel du Louvre est \u00e0 la fois : un espace historique et culturel, avec la pr\u00e9sence notamment d\\'un acc\u00e8s au mus\u00e9e du Louvre ainsi que d\\'un amphith\u00e9\u00e2tre de l\\'\u00c9cole du Louvre de 600 places (amphith\u00e9\u00e2tre Rohan) ; une galerie commerciale de 10 200 m2, ouverte le dimanche, et inaugur\u00e9e en octobre 1993, qui compte&hellip;&lt;\/p&gt;\\n","url":"","address":{"@type":"PostalAddress","streetAddress":"99 Rue de Rivoli","addressLocality":"PARIS","postalCode":"75001","addressCountry":"France"},"telephone":"01 43 16 47 10","sameAs":"http:\/\/www.carrouseldulouvre.com\/"},"show_map":true,"show_map_link":true,"global_id":"victor-sasportas.com?id=381","global_id_lineage":["victor-sasportas.com?id=381"]},"organizer":[],"custom_fields":[],"json_ld":{"@context":"http:\/\/schema.org","@type":"Event","name":"Salon de la Soci\u00e9t\u00e9 Nationale des Beaux Arts 2017","description":"&lt;p&gt;La Soci\u00e9t\u00e9 Nationale des Beaux Arts pavoise au port du Carrousel du Louvre. C\u2019est un navire de libre navigation. A la passerelle, son \u00e9quipage b\u00e9n\u00e9vole vous invite \u00e0 monter \u00e0 bord pour que vous participiez \u00e0 nos belles escales esp\u00e9r\u00e9es. En 2011, la Soci\u00e9t\u00e9 Nationale des Beaux Arts a f\u00eat\u00e9 ses 150 ans, des noces&hellip;&lt;\/p&gt;\\n","url":"https:\/\/victor-sasportas.com\/index.php\/event\/salon-de-la-societe-nationale-des-beaux-arts-2017\/","eventAttendanceMode":"https:\/\/schema.org\/OfflineEventAttendanceMode","eventStatus":"https:\/\/schema.org\/EventScheduled","startDate":"2017-12-07T18:00:00+01:00","endDate":"2017-12-10T22:00:00+01:00","location":{"@type":"Place","name":"Le Carrousel du Louvre","description":"&lt;p&gt;Le carrousel du Louvre est \u00e0 la fois : un espace historique et culturel, avec la pr\u00e9sence notamment d\\'un acc\u00e8s au mus\u00e9e du Louvre ainsi que d\\'un amphith\u00e9\u00e2tre de l\\'\u00c9cole du Louvre de 600 places (amphith\u00e9\u00e2tre Rohan) ; une galerie commerciale de 10 200 m2, ouverte le dimanche, et inaugur\u00e9e en octobre 1993, qui compte&hellip;&lt;\/p&gt;\\n","url":"","address":{"@type":"PostalAddress","streetAddress":"99 Rue de Rivoli","addressLocality":"PARIS","postalCode":"75001","addressCountry":"France"},"telephone":"01 43 16 47 10","sameAs":"http:\/\/www.carrouseldulouvre.com\/"},"performer":"Organization"}}